{"id":6875,"date":"2026-03-25T10:04:36","date_gmt":"2026-03-25T10:04:36","guid":{"rendered":"https:\/\/www.sauvegarde93.fr\/?p=6875"},"modified":"2026-03-25T10:04:37","modified_gmt":"2026-03-25T10:04:37","slug":"article_ville_stains_preventionspecialisee_sauvegarde93","status":"publish","type":"post","link":"https:\/\/www.sauvegarde93.fr\/?p=6875","title":{"rendered":"&#x2728; La pr\u00e9vention sp\u00e9cialis\u00e9e \u00e0 l\u2019honneur dans le journal de Stains\u00a0!"},"content":{"rendered":"\n<p>&#x1f5de;&#xfe0f;Stains publie dans son journal de mars, un article sur le travail de l\u2019\u00e9quipe de pr\u00e9vention sp\u00e9cialis\u00e9e mettant ainsi en lumi\u00e8re les actions \u00e9ducatives men\u00e9es par la Sauvegarde de Seine-Saint-Denis avec les jeunes qu\u2019elle accompagne au quotidien.<\/p>\n\n\n\n<p>&#x1f44f;Un grand merci \u00e0 la ville de Stains pour cette visibilit\u00e9, ainsi qu\u2019aux \u00e9ducateurs pour la richesse et la qualit\u00e9 de leurs actions.<\/p>\n\n\n\n<p>Pour lire l&rsquo;article : cliquez <a href=\"https:\/\/stains.fr\/actualites\/sauvegarde-93-creativite-prevention-et-aventure\/\" type=\"link\" id=\"https:\/\/stains.fr\/actualites\/sauvegarde-93-creativite-prevention-et-aventure\/\"><strong>ici <\/strong><\/a>!<\/p>\n\n\n\n<p><\/p>\n\n\n\n<figure class=\"wp-block-image size-large\"><img loading=\"lazy\" decoding=\"async\" width=\"800\" height=\"1024\" src=\"https:\/\/www.sauvegarde93.fr\/wp-content\/uploads\/2026\/03\/Arti.JournalStains_mars2026-800x1024.jpeg\" alt=\"\" class=\"wp-image-6876\" srcset=\"https:\/\/www.sauvegarde93.fr\/wp-content\/uploads\/2026\/03\/Arti.JournalStains_mars2026-800x1024.jpeg 800w, https:\/\/www.sauvegarde93.fr\/wp-content\/uploads\/2026\/03\/Arti.JournalStains_mars2026-234x300.jpeg 234w, https:\/\/www.sauvegarde93.fr\/wp-content\/uploads\/2026\/03\/Arti.JournalStains_mars2026-768x983.jpeg 768w, https:\/\/www.sauvegarde93.fr\/wp-content\/uploads\/2026\/03\/Arti.JournalStains_mars2026-1200x1536.jpeg 1200w, https:\/\/www.sauvegarde93.fr\/wp-content\/uploads\/2026\/03\/Arti.JournalStains_mars2026.jpeg 1319w\" sizes=\"auto, (max-width: 800px) 100vw, 800px\" \/><figcaption class=\"wp-element-caption\">Screenshot<\/figcaption><\/figure>\n","protected":false},"excerpt":{"rendered":"<p>&#x1f5de;&#xfe0f;Stains publie dans son journal de mars, un article sur le travail de l\u2019\u00e9quipe de pr\u00e9vention sp\u00e9cialis\u00e9e mettant ainsi en lumi\u00e8re les actions \u00e9ducatives men\u00e9es par la Sauvegarde de Seine-Saint-Denis avec les jeunes qu\u2019elle accompagne au quotidien. &#x1f44f;Un grand merci \u00e0 la ville de Stains pour cette visibilit\u00e9, ainsi qu\u2019aux \u00e9ducateurs pour la richesse et &#8230; <a title=\"&#x2728; La pr\u00e9vention sp\u00e9cialis\u00e9e \u00e0 l\u2019honneur dans le journal de Stains\u00a0!\" class=\"read-more\" href=\"https:\/\/www.sauvegarde93.fr\/?p=6875\" aria-label=\"En savoir plus sur &#x2728; La pr\u00e9vention sp\u00e9cialis\u00e9e \u00e0 l\u2019honneur dans le journal de Stains\u00a0!\">Lire la suite<\/a><\/p>\n","protected":false},"author":3,"featured_media":6877,"comment_status":"closed","ping_status":"open","sticky":false,"template":"","format":"standard","meta":{"_acf_changed":false,"footnotes":""},"categories":[35,47],"tags":[],"class_list":["post-6875","post","type-post","status-publish","format-standard","has-post-thumbnail","hentry","category-actualites","category-services"],"acf":[],"yoast_head":"<!-- This site is optimized with the Yoast SEO plugin v27.3 - https:\/\/yoast.com\/product\/yoast-seo-wordpress\/ -->\n<title>&#x2728; La pr\u00e9vention sp\u00e9cialis\u00e9e \u00e0 l\u2019honneur dans le journal de Stains\u00a0! - Sauvegarde de Seine-Saint-Denis<\/title>\n<meta name=\"description\" content=\"Un article du magazine de Stains - La pr\u00e9vention sp\u00e9cialis\u00e9e de la Sauvegarde de Seine-Saint-Denis en action\" \/>\n<meta name=\"robots\" content=\"index, follow, max-snippet:-1, max-image-preview:large, max-video-preview:-1\" \/>\n<link rel=\"canonical\" href=\"https:\/\/www.sauvegarde93.fr\/?p=6875\" \/>\n<meta property=\"og:locale\" content=\"fr_FR\" \/>\n<meta property=\"og:type\" content=\"article\" \/>\n<meta property=\"og:title\" content=\"&#x2728; La pr\u00e9vention sp\u00e9cialis\u00e9e \u00e0 l\u2019honneur dans le journal de Stains\u00a0! - Sauvegarde de Seine-Saint-Denis\" \/>\n<meta property=\"og:description\" content=\"Un article du magazine de Stains - La pr\u00e9vention sp\u00e9cialis\u00e9e de la Sauvegarde de Seine-Saint-Denis en action\" \/>\n<meta property=\"og:url\" content=\"https:\/\/www.sauvegarde93.fr\/?p=6875\" \/>\n<meta property=\"og:site_name\" content=\"Sauvegarde de Seine-Saint-Denis\" \/>\n<meta property=\"article:published_time\" content=\"2026-03-25T10:04:36+00:00\" \/>\n<meta property=\"article:modified_time\" content=\"2026-03-25T10:04:37+00:00\" \/>\n<meta property=\"og:image\" content=\"https:\/\/www.sauvegarde93.fr\/wp-content\/uploads\/2026\/03\/Bandeau-Arti.JournalStains_mars2026.jpeg\" \/>\n\t<meta property=\"og:image:width\" content=\"1319\" \/>\n\t<meta property=\"og:image:height\" content=\"573\" \/>\n\t<meta property=\"og:image:type\" content=\"image\/jpeg\" \/>\n<meta name=\"author\" content=\"Nathalie de Pacht\u00e8re\" \/>\n<meta name=\"twitter:card\" content=\"summary_large_image\" \/>\n<meta name=\"twitter:label1\" content=\"\u00c9crit par\" \/>\n\t<meta name=\"twitter:data1\" content=\"Nathalie de Pacht\u00e8re\" \/>\n\t<meta name=\"twitter:label2\" content=\"Dur\u00e9e de lecture estim\u00e9e\" \/>\n\t<meta name=\"twitter:data2\" content=\"1 minute\" \/>\n<script type=\"application\/ld+json\" class=\"yoast-schema-graph\">{\"@context\":\"https:\\\/\\\/schema.org\",\"@graph\":[{\"@type\":\"Article\",\"@id\":\"https:\\\/\\\/www.sauvegarde93.fr\\\/?p=6875#article\",\"isPartOf\":{\"@id\":\"https:\\\/\\\/www.sauvegarde93.fr\\\/?p=6875\"},\"author\":{\"name\":\"Nathalie de Pacht\u00e8re\",\"@id\":\"https:\\\/\\\/www.sauvegarde93.fr\\\/#\\\/schema\\\/person\\\/a34e1945c3433ea332679c13567b2171\"},\"headline\":\"&#x2728; La pr\u00e9vention sp\u00e9cialis\u00e9e \u00e0 l\u2019honneur dans le journal de Stains\u00a0!\",\"datePublished\":\"2026-03-25T10:04:36+00:00\",\"dateModified\":\"2026-03-25T10:04:37+00:00\",\"mainEntityOfPage\":{\"@id\":\"https:\\\/\\\/www.sauvegarde93.fr\\\/?p=6875\"},\"wordCount\":96,\"publisher\":{\"@id\":\"https:\\\/\\\/www.sauvegarde93.fr\\\/#organization\"},\"image\":{\"@id\":\"https:\\\/\\\/www.sauvegarde93.fr\\\/?p=6875#primaryimage\"},\"thumbnailUrl\":\"https:\\\/\\\/www.sauvegarde93.fr\\\/wp-content\\\/uploads\\\/2026\\\/03\\\/Bandeau-Arti.JournalStains_mars2026.jpeg\",\"articleSection\":[\"Actualit\u00e9s\",\"Services\"],\"inLanguage\":\"fr-FR\"},{\"@type\":\"WebPage\",\"@id\":\"https:\\\/\\\/www.sauvegarde93.fr\\\/?p=6875\",\"url\":\"https:\\\/\\\/www.sauvegarde93.fr\\\/?p=6875\",\"name\":\"&#x2728; La pr\u00e9vention sp\u00e9cialis\u00e9e \u00e0 l\u2019honneur dans le journal de Stains\u00a0! - Sauvegarde de Seine-Saint-Denis\",\"isPartOf\":{\"@id\":\"https:\\\/\\\/www.sauvegarde93.fr\\\/#website\"},\"primaryImageOfPage\":{\"@id\":\"https:\\\/\\\/www.sauvegarde93.fr\\\/?p=6875#primaryimage\"},\"image\":{\"@id\":\"https:\\\/\\\/www.sauvegarde93.fr\\\/?p=6875#primaryimage\"},\"thumbnailUrl\":\"https:\\\/\\\/www.sauvegarde93.fr\\\/wp-content\\\/uploads\\\/2026\\\/03\\\/Bandeau-Arti.JournalStains_mars2026.jpeg\",\"datePublished\":\"2026-03-25T10:04:36+00:00\",\"dateModified\":\"2026-03-25T10:04:37+00:00\",\"description\":\"Un article du magazine de Stains - La pr\u00e9vention sp\u00e9cialis\u00e9e de la Sauvegarde de Seine-Saint-Denis en action\",\"breadcrumb\":{\"@id\":\"https:\\\/\\\/www.sauvegarde93.fr\\\/?p=6875#breadcrumb\"},\"inLanguage\":\"fr-FR\",\"potentialAction\":[{\"@type\":\"ReadAction\",\"target\":[\"https:\\\/\\\/www.sauvegarde93.fr\\\/?p=6875\"]}]},{\"@type\":\"ImageObject\",\"inLanguage\":\"fr-FR\",\"@id\":\"https:\\\/\\\/www.sauvegarde93.fr\\\/?p=6875#primaryimage\",\"url\":\"https:\\\/\\\/www.sauvegarde93.fr\\\/wp-content\\\/uploads\\\/2026\\\/03\\\/Bandeau-Arti.JournalStains_mars2026.jpeg\",\"contentUrl\":\"https:\\\/\\\/www.sauvegarde93.fr\\\/wp-content\\\/uploads\\\/2026\\\/03\\\/Bandeau-Arti.JournalStains_mars2026.jpeg\",\"width\":1319,\"height\":573,\"caption\":\"Screenshot\"},{\"@type\":\"BreadcrumbList\",\"@id\":\"https:\\\/\\\/www.sauvegarde93.fr\\\/?p=6875#breadcrumb\",\"itemListElement\":[{\"@type\":\"ListItem\",\"position\":1,\"name\":\"Accueil\",\"item\":\"https:\\\/\\\/www.sauvegarde93.fr\\\/\"},{\"@type\":\"ListItem\",\"position\":2,\"name\":\"&#x2728; La pr\u00e9vention sp\u00e9cialis\u00e9e \u00e0 l\u2019honneur dans le journal de Stains\u00a0!\"}]},{\"@type\":\"WebSite\",\"@id\":\"https:\\\/\\\/www.sauvegarde93.fr\\\/#website\",\"url\":\"https:\\\/\\\/www.sauvegarde93.fr\\\/\",\"name\":\"Sauvegarde de Seine-Saint-Denis\",\"description\":\"Association de protection de l\u2019enfance, de l\u2019adolescence et de l\u2019adulte\",\"publisher\":{\"@id\":\"https:\\\/\\\/www.sauvegarde93.fr\\\/#organization\"},\"potentialAction\":[{\"@type\":\"SearchAction\",\"target\":{\"@type\":\"EntryPoint\",\"urlTemplate\":\"https:\\\/\\\/www.sauvegarde93.fr\\\/?s={search_term_string}\"},\"query-input\":{\"@type\":\"PropertyValueSpecification\",\"valueRequired\":true,\"valueName\":\"search_term_string\"}}],\"inLanguage\":\"fr-FR\"},{\"@type\":\"Organization\",\"@id\":\"https:\\\/\\\/www.sauvegarde93.fr\\\/#organization\",\"name\":\"Sauvegarde de Seine-Saint-Denis\",\"url\":\"https:\\\/\\\/www.sauvegarde93.fr\\\/\",\"logo\":{\"@type\":\"ImageObject\",\"inLanguage\":\"fr-FR\",\"@id\":\"https:\\\/\\\/www.sauvegarde93.fr\\\/#\\\/schema\\\/logo\\\/image\\\/\",\"url\":\"https:\\\/\\\/www.sauvegarde93.fr\\\/wp-content\\\/uploads\\\/2024\\\/04\\\/logo_S93.png\",\"contentUrl\":\"https:\\\/\\\/www.sauvegarde93.fr\\\/wp-content\\\/uploads\\\/2024\\\/04\\\/logo_S93.png\",\"width\":209,\"height\":92,\"caption\":\"Sauvegarde de Seine-Saint-Denis\"},\"image\":{\"@id\":\"https:\\\/\\\/www.sauvegarde93.fr\\\/#\\\/schema\\\/logo\\\/image\\\/\"},\"sameAs\":[\"https:\\\/\\\/www.linkedin.com\\\/company\\\/sauvegarde-de-seine-saint-denis\\\/\"]},{\"@type\":\"Person\",\"@id\":\"https:\\\/\\\/www.sauvegarde93.fr\\\/#\\\/schema\\\/person\\\/a34e1945c3433ea332679c13567b2171\",\"name\":\"Nathalie de Pacht\u00e8re\",\"image\":{\"@type\":\"ImageObject\",\"inLanguage\":\"fr-FR\",\"@id\":\"https:\\\/\\\/secure.gravatar.com\\\/avatar\\\/de072a2da76c644f2e18a3a2daa453df66de57efe173f6320ca0c63db73b4014?s=96&d=mm&r=g\",\"url\":\"https:\\\/\\\/secure.gravatar.com\\\/avatar\\\/de072a2da76c644f2e18a3a2daa453df66de57efe173f6320ca0c63db73b4014?s=96&d=mm&r=g\",\"contentUrl\":\"https:\\\/\\\/secure.gravatar.com\\\/avatar\\\/de072a2da76c644f2e18a3a2daa453df66de57efe173f6320ca0c63db73b4014?s=96&d=mm&r=g\",\"caption\":\"Nathalie de Pacht\u00e8re\"},\"url\":\"https:\\\/\\\/www.sauvegarde93.fr\\\/?author=3\"}]}<\/script>\n<!-- \/ Yoast SEO plugin. -->","yoast_head_json":{"title":"&#x2728; La pr\u00e9vention sp\u00e9cialis\u00e9e \u00e0 l\u2019honneur dans le journal de Stains\u00a0! - Sauvegarde de Seine-Saint-Denis","description":"Un article du magazine de Stains - La pr\u00e9vention sp\u00e9cialis\u00e9e de la Sauvegarde de Seine-Saint-Denis en action","robots":{"index":"index","follow":"follow","max-snippet":"max-snippet:-1","max-image-preview":"max-image-preview:large","max-video-preview":"max-video-preview:-1"},"canonical":"https:\/\/www.sauvegarde93.fr\/?p=6875","og_locale":"fr_FR","og_type":"article","og_title":"&#x2728; La pr\u00e9vention sp\u00e9cialis\u00e9e \u00e0 l\u2019honneur dans le journal de Stains\u00a0! - Sauvegarde de Seine-Saint-Denis","og_description":"Un article du magazine de Stains - La pr\u00e9vention sp\u00e9cialis\u00e9e de la Sauvegarde de Seine-Saint-Denis en action","og_url":"https:\/\/www.sauvegarde93.fr\/?p=6875","og_site_name":"Sauvegarde de Seine-Saint-Denis","article_published_time":"2026-03-25T10:04:36+00:00","article_modified_time":"2026-03-25T10:04:37+00:00","og_image":[{"width":1319,"height":573,"url":"https:\/\/www.sauvegarde93.fr\/wp-content\/uploads\/2026\/03\/Bandeau-Arti.JournalStains_mars2026.jpeg","type":"image\/jpeg"}],"author":"Nathalie de Pacht\u00e8re","twitter_card":"summary_large_image","twitter_misc":{"\u00c9crit par":"Nathalie de Pacht\u00e8re","Dur\u00e9e de lecture estim\u00e9e":"1 minute"},"schema":{"@context":"https:\/\/schema.org","@graph":[{"@type":"Article","@id":"https:\/\/www.sauvegarde93.fr\/?p=6875#article","isPartOf":{"@id":"https:\/\/www.sauvegarde93.fr\/?p=6875"},"author":{"name":"Nathalie de Pacht\u00e8re","@id":"https:\/\/www.sauvegarde93.fr\/#\/schema\/person\/a34e1945c3433ea332679c13567b2171"},"headline":"&#x2728; La pr\u00e9vention sp\u00e9cialis\u00e9e \u00e0 l\u2019honneur dans le journal de Stains\u00a0!","datePublished":"2026-03-25T10:04:36+00:00","dateModified":"2026-03-25T10:04:37+00:00","mainEntityOfPage":{"@id":"https:\/\/www.sauvegarde93.fr\/?p=6875"},"wordCount":96,"publisher":{"@id":"https:\/\/www.sauvegarde93.fr\/#organization"},"image":{"@id":"https:\/\/www.sauvegarde93.fr\/?p=6875#primaryimage"},"thumbnailUrl":"https:\/\/www.sauvegarde93.fr\/wp-content\/uploads\/2026\/03\/Bandeau-Arti.JournalStains_mars2026.jpeg","articleSection":["Actualit\u00e9s","Services"],"inLanguage":"fr-FR"},{"@type":"WebPage","@id":"https:\/\/www.sauvegarde93.fr\/?p=6875","url":"https:\/\/www.sauvegarde93.fr\/?p=6875","name":"&#x2728; La pr\u00e9vention sp\u00e9cialis\u00e9e \u00e0 l\u2019honneur dans le journal de Stains\u00a0! - Sauvegarde de Seine-Saint-Denis","isPartOf":{"@id":"https:\/\/www.sauvegarde93.fr\/#website"},"primaryImageOfPage":{"@id":"https:\/\/www.sauvegarde93.fr\/?p=6875#primaryimage"},"image":{"@id":"https:\/\/www.sauvegarde93.fr\/?p=6875#primaryimage"},"thumbnailUrl":"https:\/\/www.sauvegarde93.fr\/wp-content\/uploads\/2026\/03\/Bandeau-Arti.JournalStains_mars2026.jpeg","datePublished":"2026-03-25T10:04:36+00:00","dateModified":"2026-03-25T10:04:37+00:00","description":"Un article du magazine de Stains - La pr\u00e9vention sp\u00e9cialis\u00e9e de la Sauvegarde de Seine-Saint-Denis en action","breadcrumb":{"@id":"https:\/\/www.sauvegarde93.fr\/?p=6875#breadcrumb"},"inLanguage":"fr-FR","potentialAction":[{"@type":"ReadAction","target":["https:\/\/www.sauvegarde93.fr\/?p=6875"]}]},{"@type":"ImageObject","inLanguage":"fr-FR","@id":"https:\/\/www.sauvegarde93.fr\/?p=6875#primaryimage","url":"https:\/\/www.sauvegarde93.fr\/wp-content\/uploads\/2026\/03\/Bandeau-Arti.JournalStains_mars2026.jpeg","contentUrl":"https:\/\/www.sauvegarde93.fr\/wp-content\/uploads\/2026\/03\/Bandeau-Arti.JournalStains_mars2026.jpeg","width":1319,"height":573,"caption":"Screenshot"},{"@type":"BreadcrumbList","@id":"https:\/\/www.sauvegarde93.fr\/?p=6875#breadcrumb","itemListElement":[{"@type":"ListItem","position":1,"name":"Accueil","item":"https:\/\/www.sauvegarde93.fr\/"},{"@type":"ListItem","position":2,"name":"&#x2728; La pr\u00e9vention sp\u00e9cialis\u00e9e \u00e0 l\u2019honneur dans le journal de Stains\u00a0!"}]},{"@type":"WebSite","@id":"https:\/\/www.sauvegarde93.fr\/#website","url":"https:\/\/www.sauvegarde93.fr\/","name":"Sauvegarde de Seine-Saint-Denis","description":"Association de protection de l\u2019enfance, de l\u2019adolescence et de l\u2019adulte","publisher":{"@id":"https:\/\/www.sauvegarde93.fr\/#organization"},"potentialAction":[{"@type":"SearchAction","target":{"@type":"EntryPoint","urlTemplate":"https:\/\/www.sauvegarde93.fr\/?s={search_term_string}"},"query-input":{"@type":"PropertyValueSpecification","valueRequired":true,"valueName":"search_term_string"}}],"inLanguage":"fr-FR"},{"@type":"Organization","@id":"https:\/\/www.sauvegarde93.fr\/#organization","name":"Sauvegarde de Seine-Saint-Denis","url":"https:\/\/www.sauvegarde93.fr\/","logo":{"@type":"ImageObject","inLanguage":"fr-FR","@id":"https:\/\/www.sauvegarde93.fr\/#\/schema\/logo\/image\/","url":"https:\/\/www.sauvegarde93.fr\/wp-content\/uploads\/2024\/04\/logo_S93.png","contentUrl":"https:\/\/www.sauvegarde93.fr\/wp-content\/uploads\/2024\/04\/logo_S93.png","width":209,"height":92,"caption":"Sauvegarde de Seine-Saint-Denis"},"image":{"@id":"https:\/\/www.sauvegarde93.fr\/#\/schema\/logo\/image\/"},"sameAs":["https:\/\/www.linkedin.com\/company\/sauvegarde-de-seine-saint-denis\/"]},{"@type":"Person","@id":"https:\/\/www.sauvegarde93.fr\/#\/schema\/person\/a34e1945c3433ea332679c13567b2171","name":"Nathalie de Pacht\u00e8re","image":{"@type":"ImageObject","inLanguage":"fr-FR","@id":"https:\/\/secure.gravatar.com\/avatar\/de072a2da76c644f2e18a3a2daa453df66de57efe173f6320ca0c63db73b4014?s=96&d=mm&r=g","url":"https:\/\/secure.gravatar.com\/avatar\/de072a2da76c644f2e18a3a2daa453df66de57efe173f6320ca0c63db73b4014?s=96&d=mm&r=g","contentUrl":"https:\/\/secure.gravatar.com\/avatar\/de072a2da76c644f2e18a3a2daa453df66de57efe173f6320ca0c63db73b4014?s=96&d=mm&r=g","caption":"Nathalie de Pacht\u00e8re"},"url":"https:\/\/www.sauvegarde93.fr\/?author=3"}]}},"_links":{"self":[{"href":"https:\/\/www.sauvegarde93.fr\/index.php?rest_route=\/wp\/v2\/posts\/6875","targetHints":{"allow":["GET"]}}],"collection":[{"href":"https:\/\/www.sauvegarde93.fr\/index.php?rest_route=\/wp\/v2\/posts"}],"about":[{"href":"https:\/\/www.sauvegarde93.fr\/index.php?rest_route=\/wp\/v2\/types\/post"}],"author":[{"embeddable":true,"href":"https:\/\/www.sauvegarde93.fr\/index.php?rest_route=\/wp\/v2\/users\/3"}],"replies":[{"embeddable":true,"href":"https:\/\/www.sauvegarde93.fr\/index.php?rest_route=%2Fwp%2Fv2%2Fcomments&post=6875"}],"version-history":[{"count":1,"href":"https:\/\/www.sauvegarde93.fr\/index.php?rest_route=\/wp\/v2\/posts\/6875\/revisions"}],"predecessor-version":[{"id":6878,"href":"https:\/\/www.sauvegarde93.fr\/index.php?rest_route=\/wp\/v2\/posts\/6875\/revisions\/6878"}],"wp:featuredmedia":[{"embeddable":true,"href":"https:\/\/www.sauvegarde93.fr\/index.php?rest_route=\/wp\/v2\/media\/6877"}],"wp:attachment":[{"href":"https:\/\/www.sauvegarde93.fr\/index.php?rest_route=%2Fwp%2Fv2%2Fmedia&parent=6875"}],"wp:term":[{"taxonomy":"category","embeddable":true,"href":"https:\/\/www.sauvegarde93.fr\/index.php?rest_route=%2Fwp%2Fv2%2Fcategories&post=6875"},{"taxonomy":"post_tag","embeddable":true,"href":"https:\/\/www.sauvegarde93.fr\/index.php?rest_route=%2Fwp%2Fv2%2Ftags&post=6875"}],"curies":[{"name":"wp","href":"https:\/\/api.w.org\/{rel}","templated":true}]}}