{"id":6919,"date":"2026-03-31T07:44:45","date_gmt":"2026-03-31T07:44:45","guid":{"rendered":"https:\/\/www.sauvegarde93.fr\/?p=6919"},"modified":"2026-03-31T07:46:59","modified_gmt":"2026-03-31T07:46:59","slug":"atelier_jardinage_cusine_sauo_lacourneuve_sauvegarde93_","status":"publish","type":"post","link":"https:\/\/www.sauvegarde93.fr\/?p=6919","title":{"rendered":"&#x1f36b;&#x1f331;Atelier cuisine &amp; jardinage au SAUO de la Courneuve\u00a0!"},"content":{"rendered":"\n<p>&#x26cf;&#xfe0f;Avec l\u2019arriv\u00e9e du printemps, Stanley, \u00e9ducateur au SAUO, a accompagn\u00e9 un petit groupe de jeunes filles et gar\u00e7ons, dans la pr\u00e9paration du futur potager !<\/p>\n\n\n\n<p>&#x1fab1; Au travers de cet atelier de jardinage, ils ont d\u00e9couvert quelques notions essentielles sur la petite faune du sol et son r\u00f4le indispensable dans l\u2019\u00e9quilibre de la nature.<\/p>\n\n\n\n<p>&#x1f96e;L\u2019apr\u00e8s-midi s\u2019est poursuivie avec un atelier cr\u00eapes au chocolat pour un go\u00fbter tr\u00e8s appr\u00e9ci\u00e9 par tous les jeunes du foyer&nbsp;!<\/p>\n\n\n\n<p>&#x1f345;Comme ils appr\u00e9cieront \u00e9galement la r\u00e9colte au potager \u00e0 suivre&nbsp;!<\/p>\n\n\n\n<blockquote class=\"wp-block-quote is-layout-flow wp-block-quote-is-layout-flow\">\n<p><strong><a href=\"https:\/\/www.sauvegarde93.fr\/?etablissement=pole-accueil\/service-daccueil-durgence-et-dorientation\" type=\"link\" id=\"https:\/\/www.sauvegarde93.fr\/?etablissement=pole-accueil\/service-daccueil-durgence-et-dorientation\">Cliquer ici pour en savoir plus sur le SAUO <\/a><\/strong><\/p>\n<\/blockquote>\n\n\n\n<figure class=\"wp-block-gallery has-nested-images columns-default is-cropped wp-block-gallery-1 is-layout-flex wp-block-gallery-is-layout-flex\">\n<figure class=\"wp-block-image size-large\"><img loading=\"lazy\" decoding=\"async\" width=\"768\" height=\"1024\" data-id=\"6921\" src=\"https:\/\/www.sauvegarde93.fr\/wp-content\/uploads\/2026\/03\/SAUO_Sauvegarde93LaCourneuve_AtelierJardinagea-768x1024.jpg\" alt=\"\" class=\"wp-image-6921\" srcset=\"https:\/\/www.sauvegarde93.fr\/wp-content\/uploads\/2026\/03\/SAUO_Sauvegarde93LaCourneuve_AtelierJardinagea-768x1024.jpg 768w, https:\/\/www.sauvegarde93.fr\/wp-content\/uploads\/2026\/03\/SAUO_Sauvegarde93LaCourneuve_AtelierJardinagea-225x300.jpg 225w, https:\/\/www.sauvegarde93.fr\/wp-content\/uploads\/2026\/03\/SAUO_Sauvegarde93LaCourneuve_AtelierJardinagea-1152x1536.jpg 1152w, https:\/\/www.sauvegarde93.fr\/wp-content\/uploads\/2026\/03\/SAUO_Sauvegarde93LaCourneuve_AtelierJardinagea-1536x2048.jpg 1536w, https:\/\/www.sauvegarde93.fr\/wp-content\/uploads\/2026\/03\/SAUO_Sauvegarde93LaCourneuve_AtelierJardinagea-scaled.jpg 1920w\" sizes=\"auto, (max-width: 768px) 100vw, 768px\" \/><\/figure>\n\n\n\n<figure class=\"wp-block-image size-large\"><img loading=\"lazy\" decoding=\"async\" width=\"768\" height=\"1024\" data-id=\"6920\" src=\"https:\/\/www.sauvegarde93.fr\/wp-content\/uploads\/2026\/03\/SAUO_Sauvegarde93LaCourneuve_AtelierJardinageb-768x1024.jpg\" alt=\"\" class=\"wp-image-6920\" srcset=\"https:\/\/www.sauvegarde93.fr\/wp-content\/uploads\/2026\/03\/SAUO_Sauvegarde93LaCourneuve_AtelierJardinageb-768x1024.jpg 768w, https:\/\/www.sauvegarde93.fr\/wp-content\/uploads\/2026\/03\/SAUO_Sauvegarde93LaCourneuve_AtelierJardinageb-225x300.jpg 225w, https:\/\/www.sauvegarde93.fr\/wp-content\/uploads\/2026\/03\/SAUO_Sauvegarde93LaCourneuve_AtelierJardinageb-1152x1536.jpg 1152w, https:\/\/www.sauvegarde93.fr\/wp-content\/uploads\/2026\/03\/SAUO_Sauvegarde93LaCourneuve_AtelierJardinageb-1536x2048.jpg 1536w, https:\/\/www.sauvegarde93.fr\/wp-content\/uploads\/2026\/03\/SAUO_Sauvegarde93LaCourneuve_AtelierJardinageb-scaled.jpg 1920w\" sizes=\"auto, (max-width: 768px) 100vw, 768px\" \/><\/figure>\n\n\n\n<figure class=\"wp-block-image size-large\"><img loading=\"lazy\" decoding=\"async\" width=\"1024\" height=\"716\" data-id=\"6922\" src=\"https:\/\/www.sauvegarde93.fr\/wp-content\/uploads\/2026\/03\/SAUO_Sauvegarde93LaCourneuve_AtelierCuisinea-1024x716.png\" alt=\"\" class=\"wp-image-6922\" srcset=\"https:\/\/www.sauvegarde93.fr\/wp-content\/uploads\/2026\/03\/SAUO_Sauvegarde93LaCourneuve_AtelierCuisinea-1024x716.png 1024w, https:\/\/www.sauvegarde93.fr\/wp-content\/uploads\/2026\/03\/SAUO_Sauvegarde93LaCourneuve_AtelierCuisinea-300x210.png 300w, https:\/\/www.sauvegarde93.fr\/wp-content\/uploads\/2026\/03\/SAUO_Sauvegarde93LaCourneuve_AtelierCuisinea-768x537.png 768w, https:\/\/www.sauvegarde93.fr\/wp-content\/uploads\/2026\/03\/SAUO_Sauvegarde93LaCourneuve_AtelierCuisinea-1536x1075.png 1536w, https:\/\/www.sauvegarde93.fr\/wp-content\/uploads\/2026\/03\/SAUO_Sauvegarde93LaCourneuve_AtelierCuisinea-2048x1433.png 2048w\" sizes=\"auto, (max-width: 1024px) 100vw, 1024px\" \/><\/figure>\n<\/figure>\n","protected":false},"excerpt":{"rendered":"<p>&#x26cf;&#xfe0f;Avec l\u2019arriv\u00e9e du printemps, Stanley, \u00e9ducateur au SAUO, a accompagn\u00e9 un petit groupe de jeunes filles et gar\u00e7ons, dans la pr\u00e9paration du futur potager ! &#x1fab1; Au travers de cet atelier de jardinage, ils ont d\u00e9couvert quelques notions essentielles sur la petite faune du sol et son r\u00f4le indispensable dans l\u2019\u00e9quilibre de la nature. &#x1f96e;L\u2019apr\u00e8s-midi &#8230; <a title=\"&#x1f36b;&#x1f331;Atelier cuisine &amp; jardinage au SAUO de la Courneuve\u00a0!\" class=\"read-more\" href=\"https:\/\/www.sauvegarde93.fr\/?p=6919\" aria-label=\"En savoir plus sur &#x1f36b;&#x1f331;Atelier cuisine &amp; jardinage au SAUO de la Courneuve\u00a0!\">Lire la suite<\/a><\/p>\n","protected":false},"author":3,"featured_media":6921,"comment_status":"closed","ping_status":"open","sticky":false,"template":"","format":"standard","meta":{"_acf_changed":false,"footnotes":""},"categories":[35,47],"tags":[],"class_list":["post-6919","post","type-post","status-publish","format-standard","has-post-thumbnail","hentry","category-actualites","category-services"],"acf":[],"yoast_head":"<!-- This site is optimized with the Yoast SEO plugin v27.3 - https:\/\/yoast.com\/product\/yoast-seo-wordpress\/ -->\n<title>&#x1f36b;&#x1f331;Atelier cuisine &amp; jardinage au SAUO de la Courneuve\u00a0! - Sauvegarde de Seine-Saint-Denis<\/title>\n<meta name=\"description\" content=\"Organisation d&#039;ateliers cuisine &amp; jardinage au SAUO de la Courneuve\u00a0avec jeunes fille et gar\u00e7on. Potager en pr\u00e9paration!\" \/>\n<meta name=\"robots\" content=\"index, follow, max-snippet:-1, max-image-preview:large, max-video-preview:-1\" \/>\n<link rel=\"canonical\" href=\"https:\/\/www.sauvegarde93.fr\/?p=6919\" \/>\n<meta property=\"og:locale\" content=\"fr_FR\" \/>\n<meta property=\"og:type\" content=\"article\" \/>\n<meta property=\"og:title\" content=\"&#x1f36b;&#x1f331;Atelier cuisine &amp; jardinage au SAUO de la Courneuve\u00a0! - Sauvegarde de Seine-Saint-Denis\" \/>\n<meta property=\"og:description\" content=\"Organisation d&#039;ateliers cuisine &amp; jardinage au SAUO de la Courneuve\u00a0avec jeunes fille et gar\u00e7on. Potager en pr\u00e9paration!\" \/>\n<meta property=\"og:url\" content=\"https:\/\/www.sauvegarde93.fr\/?p=6919\" \/>\n<meta property=\"og:site_name\" content=\"Sauvegarde de Seine-Saint-Denis\" \/>\n<meta property=\"article:published_time\" content=\"2026-03-31T07:44:45+00:00\" \/>\n<meta property=\"article:modified_time\" content=\"2026-03-31T07:46:59+00:00\" \/>\n<meta property=\"og:image\" content=\"https:\/\/www.sauvegarde93.fr\/wp-content\/uploads\/2026\/03\/SAUO_Sauvegarde93LaCourneuve_AtelierJardinagea-scaled.jpg\" \/>\n\t<meta property=\"og:image:width\" content=\"1920\" \/>\n\t<meta property=\"og:image:height\" content=\"2560\" \/>\n\t<meta property=\"og:image:type\" content=\"image\/jpeg\" \/>\n<meta name=\"author\" content=\"Nathalie de Pacht\u00e8re\" \/>\n<meta name=\"twitter:card\" content=\"summary_large_image\" \/>\n<meta name=\"twitter:label1\" content=\"\u00c9crit par\" \/>\n\t<meta name=\"twitter:data1\" content=\"Nathalie de Pacht\u00e8re\" \/>\n\t<meta name=\"twitter:label2\" content=\"Dur\u00e9e de lecture estim\u00e9e\" \/>\n\t<meta name=\"twitter:data2\" content=\"2 minutes\" \/>\n<script type=\"application\/ld+json\" class=\"yoast-schema-graph\">{\"@context\":\"https:\\\/\\\/schema.org\",\"@graph\":[{\"@type\":\"Article\",\"@id\":\"https:\\\/\\\/www.sauvegarde93.fr\\\/?p=6919#article\",\"isPartOf\":{\"@id\":\"https:\\\/\\\/www.sauvegarde93.fr\\\/?p=6919\"},\"author\":{\"name\":\"Nathalie de Pacht\u00e8re\",\"@id\":\"https:\\\/\\\/www.sauvegarde93.fr\\\/#\\\/schema\\\/person\\\/a34e1945c3433ea332679c13567b2171\"},\"headline\":\"&#x1f36b;&#x1f331;Atelier cuisine &amp; jardinage au SAUO de la Courneuve\u00a0!\",\"datePublished\":\"2026-03-31T07:44:45+00:00\",\"dateModified\":\"2026-03-31T07:46:59+00:00\",\"mainEntityOfPage\":{\"@id\":\"https:\\\/\\\/www.sauvegarde93.fr\\\/?p=6919\"},\"wordCount\":133,\"publisher\":{\"@id\":\"https:\\\/\\\/www.sauvegarde93.fr\\\/#organization\"},\"image\":{\"@id\":\"https:\\\/\\\/www.sauvegarde93.fr\\\/?p=6919#primaryimage\"},\"thumbnailUrl\":\"https:\\\/\\\/www.sauvegarde93.fr\\\/wp-content\\\/uploads\\\/2026\\\/03\\\/SAUO_Sauvegarde93LaCourneuve_AtelierJardinagea-scaled.jpg\",\"articleSection\":[\"Actualit\u00e9s\",\"Services\"],\"inLanguage\":\"fr-FR\"},{\"@type\":\"WebPage\",\"@id\":\"https:\\\/\\\/www.sauvegarde93.fr\\\/?p=6919\",\"url\":\"https:\\\/\\\/www.sauvegarde93.fr\\\/?p=6919\",\"name\":\"&#x1f36b;&#x1f331;Atelier cuisine &amp; jardinage au SAUO de la Courneuve\u00a0! - Sauvegarde de Seine-Saint-Denis\",\"isPartOf\":{\"@id\":\"https:\\\/\\\/www.sauvegarde93.fr\\\/#website\"},\"primaryImageOfPage\":{\"@id\":\"https:\\\/\\\/www.sauvegarde93.fr\\\/?p=6919#primaryimage\"},\"image\":{\"@id\":\"https:\\\/\\\/www.sauvegarde93.fr\\\/?p=6919#primaryimage\"},\"thumbnailUrl\":\"https:\\\/\\\/www.sauvegarde93.fr\\\/wp-content\\\/uploads\\\/2026\\\/03\\\/SAUO_Sauvegarde93LaCourneuve_AtelierJardinagea-scaled.jpg\",\"datePublished\":\"2026-03-31T07:44:45+00:00\",\"dateModified\":\"2026-03-31T07:46:59+00:00\",\"description\":\"Organisation d'ateliers cuisine & jardinage au SAUO de la Courneuve\u00a0avec jeunes fille et gar\u00e7on. Potager en pr\u00e9paration!\",\"breadcrumb\":{\"@id\":\"https:\\\/\\\/www.sauvegarde93.fr\\\/?p=6919#breadcrumb\"},\"inLanguage\":\"fr-FR\",\"potentialAction\":[{\"@type\":\"ReadAction\",\"target\":[\"https:\\\/\\\/www.sauvegarde93.fr\\\/?p=6919\"]}]},{\"@type\":\"ImageObject\",\"inLanguage\":\"fr-FR\",\"@id\":\"https:\\\/\\\/www.sauvegarde93.fr\\\/?p=6919#primaryimage\",\"url\":\"https:\\\/\\\/www.sauvegarde93.fr\\\/wp-content\\\/uploads\\\/2026\\\/03\\\/SAUO_Sauvegarde93LaCourneuve_AtelierJardinagea-scaled.jpg\",\"contentUrl\":\"https:\\\/\\\/www.sauvegarde93.fr\\\/wp-content\\\/uploads\\\/2026\\\/03\\\/SAUO_Sauvegarde93LaCourneuve_AtelierJardinagea-scaled.jpg\",\"width\":1920,\"height\":2560,\"caption\":\"Atelier cuisine & jardinage au SAUO Sauvegarde 93 de la Courneuve\u00a0\"},{\"@type\":\"BreadcrumbList\",\"@id\":\"https:\\\/\\\/www.sauvegarde93.fr\\\/?p=6919#breadcrumb\",\"itemListElement\":[{\"@type\":\"ListItem\",\"position\":1,\"name\":\"Accueil\",\"item\":\"https:\\\/\\\/www.sauvegarde93.fr\\\/\"},{\"@type\":\"ListItem\",\"position\":2,\"name\":\"&#x1f36b;&#x1f331;Atelier cuisine &amp; jardinage au SAUO de la Courneuve\u00a0!\"}]},{\"@type\":\"WebSite\",\"@id\":\"https:\\\/\\\/www.sauvegarde93.fr\\\/#website\",\"url\":\"https:\\\/\\\/www.sauvegarde93.fr\\\/\",\"name\":\"Sauvegarde de Seine-Saint-Denis\",\"description\":\"Association de protection de l\u2019enfance, de l\u2019adolescence et de l\u2019adulte\",\"publisher\":{\"@id\":\"https:\\\/\\\/www.sauvegarde93.fr\\\/#organization\"},\"potentialAction\":[{\"@type\":\"SearchAction\",\"target\":{\"@type\":\"EntryPoint\",\"urlTemplate\":\"https:\\\/\\\/www.sauvegarde93.fr\\\/?s={search_term_string}\"},\"query-input\":{\"@type\":\"PropertyValueSpecification\",\"valueRequired\":true,\"valueName\":\"search_term_string\"}}],\"inLanguage\":\"fr-FR\"},{\"@type\":\"Organization\",\"@id\":\"https:\\\/\\\/www.sauvegarde93.fr\\\/#organization\",\"name\":\"Sauvegarde de Seine-Saint-Denis\",\"url\":\"https:\\\/\\\/www.sauvegarde93.fr\\\/\",\"logo\":{\"@type\":\"ImageObject\",\"inLanguage\":\"fr-FR\",\"@id\":\"https:\\\/\\\/www.sauvegarde93.fr\\\/#\\\/schema\\\/logo\\\/image\\\/\",\"url\":\"https:\\\/\\\/www.sauvegarde93.fr\\\/wp-content\\\/uploads\\\/2024\\\/04\\\/logo_S93.png\",\"contentUrl\":\"https:\\\/\\\/www.sauvegarde93.fr\\\/wp-content\\\/uploads\\\/2024\\\/04\\\/logo_S93.png\",\"width\":209,\"height\":92,\"caption\":\"Sauvegarde de Seine-Saint-Denis\"},\"image\":{\"@id\":\"https:\\\/\\\/www.sauvegarde93.fr\\\/#\\\/schema\\\/logo\\\/image\\\/\"},\"sameAs\":[\"https:\\\/\\\/www.linkedin.com\\\/company\\\/sauvegarde-de-seine-saint-denis\\\/\"]},{\"@type\":\"Person\",\"@id\":\"https:\\\/\\\/www.sauvegarde93.fr\\\/#\\\/schema\\\/person\\\/a34e1945c3433ea332679c13567b2171\",\"name\":\"Nathalie de Pacht\u00e8re\",\"image\":{\"@type\":\"ImageObject\",\"inLanguage\":\"fr-FR\",\"@id\":\"https:\\\/\\\/secure.gravatar.com\\\/avatar\\\/de072a2da76c644f2e18a3a2daa453df66de57efe173f6320ca0c63db73b4014?s=96&d=mm&r=g\",\"url\":\"https:\\\/\\\/secure.gravatar.com\\\/avatar\\\/de072a2da76c644f2e18a3a2daa453df66de57efe173f6320ca0c63db73b4014?s=96&d=mm&r=g\",\"contentUrl\":\"https:\\\/\\\/secure.gravatar.com\\\/avatar\\\/de072a2da76c644f2e18a3a2daa453df66de57efe173f6320ca0c63db73b4014?s=96&d=mm&r=g\",\"caption\":\"Nathalie de Pacht\u00e8re\"},\"url\":\"https:\\\/\\\/www.sauvegarde93.fr\\\/?author=3\"}]}<\/script>\n<!-- \/ Yoast SEO plugin. -->","yoast_head_json":{"title":"&#x1f36b;&#x1f331;Atelier cuisine &amp; jardinage au SAUO de la Courneuve\u00a0! - Sauvegarde de Seine-Saint-Denis","description":"Organisation d'ateliers cuisine & jardinage au SAUO de la Courneuve\u00a0avec jeunes fille et gar\u00e7on. Potager en pr\u00e9paration!","robots":{"index":"index","follow":"follow","max-snippet":"max-snippet:-1","max-image-preview":"max-image-preview:large","max-video-preview":"max-video-preview:-1"},"canonical":"https:\/\/www.sauvegarde93.fr\/?p=6919","og_locale":"fr_FR","og_type":"article","og_title":"&#x1f36b;&#x1f331;Atelier cuisine &amp; jardinage au SAUO de la Courneuve\u00a0! - Sauvegarde de Seine-Saint-Denis","og_description":"Organisation d'ateliers cuisine & jardinage au SAUO de la Courneuve\u00a0avec jeunes fille et gar\u00e7on. Potager en pr\u00e9paration!","og_url":"https:\/\/www.sauvegarde93.fr\/?p=6919","og_site_name":"Sauvegarde de Seine-Saint-Denis","article_published_time":"2026-03-31T07:44:45+00:00","article_modified_time":"2026-03-31T07:46:59+00:00","og_image":[{"width":1920,"height":2560,"url":"https:\/\/www.sauvegarde93.fr\/wp-content\/uploads\/2026\/03\/SAUO_Sauvegarde93LaCourneuve_AtelierJardinagea-scaled.jpg","type":"image\/jpeg"}],"author":"Nathalie de Pacht\u00e8re","twitter_card":"summary_large_image","twitter_misc":{"\u00c9crit par":"Nathalie de Pacht\u00e8re","Dur\u00e9e de lecture estim\u00e9e":"2 minutes"},"schema":{"@context":"https:\/\/schema.org","@graph":[{"@type":"Article","@id":"https:\/\/www.sauvegarde93.fr\/?p=6919#article","isPartOf":{"@id":"https:\/\/www.sauvegarde93.fr\/?p=6919"},"author":{"name":"Nathalie de Pacht\u00e8re","@id":"https:\/\/www.sauvegarde93.fr\/#\/schema\/person\/a34e1945c3433ea332679c13567b2171"},"headline":"&#x1f36b;&#x1f331;Atelier cuisine &amp; jardinage au SAUO de la Courneuve\u00a0!","datePublished":"2026-03-31T07:44:45+00:00","dateModified":"2026-03-31T07:46:59+00:00","mainEntityOfPage":{"@id":"https:\/\/www.sauvegarde93.fr\/?p=6919"},"wordCount":133,"publisher":{"@id":"https:\/\/www.sauvegarde93.fr\/#organization"},"image":{"@id":"https:\/\/www.sauvegarde93.fr\/?p=6919#primaryimage"},"thumbnailUrl":"https:\/\/www.sauvegarde93.fr\/wp-content\/uploads\/2026\/03\/SAUO_Sauvegarde93LaCourneuve_AtelierJardinagea-scaled.jpg","articleSection":["Actualit\u00e9s","Services"],"inLanguage":"fr-FR"},{"@type":"WebPage","@id":"https:\/\/www.sauvegarde93.fr\/?p=6919","url":"https:\/\/www.sauvegarde93.fr\/?p=6919","name":"&#x1f36b;&#x1f331;Atelier cuisine &amp; jardinage au SAUO de la Courneuve\u00a0! - Sauvegarde de Seine-Saint-Denis","isPartOf":{"@id":"https:\/\/www.sauvegarde93.fr\/#website"},"primaryImageOfPage":{"@id":"https:\/\/www.sauvegarde93.fr\/?p=6919#primaryimage"},"image":{"@id":"https:\/\/www.sauvegarde93.fr\/?p=6919#primaryimage"},"thumbnailUrl":"https:\/\/www.sauvegarde93.fr\/wp-content\/uploads\/2026\/03\/SAUO_Sauvegarde93LaCourneuve_AtelierJardinagea-scaled.jpg","datePublished":"2026-03-31T07:44:45+00:00","dateModified":"2026-03-31T07:46:59+00:00","description":"Organisation d'ateliers cuisine & jardinage au SAUO de la Courneuve\u00a0avec jeunes fille et gar\u00e7on. Potager en pr\u00e9paration!","breadcrumb":{"@id":"https:\/\/www.sauvegarde93.fr\/?p=6919#breadcrumb"},"inLanguage":"fr-FR","potentialAction":[{"@type":"ReadAction","target":["https:\/\/www.sauvegarde93.fr\/?p=6919"]}]},{"@type":"ImageObject","inLanguage":"fr-FR","@id":"https:\/\/www.sauvegarde93.fr\/?p=6919#primaryimage","url":"https:\/\/www.sauvegarde93.fr\/wp-content\/uploads\/2026\/03\/SAUO_Sauvegarde93LaCourneuve_AtelierJardinagea-scaled.jpg","contentUrl":"https:\/\/www.sauvegarde93.fr\/wp-content\/uploads\/2026\/03\/SAUO_Sauvegarde93LaCourneuve_AtelierJardinagea-scaled.jpg","width":1920,"height":2560,"caption":"Atelier cuisine & jardinage au SAUO Sauvegarde 93 de la Courneuve\u00a0"},{"@type":"BreadcrumbList","@id":"https:\/\/www.sauvegarde93.fr\/?p=6919#breadcrumb","itemListElement":[{"@type":"ListItem","position":1,"name":"Accueil","item":"https:\/\/www.sauvegarde93.fr\/"},{"@type":"ListItem","position":2,"name":"&#x1f36b;&#x1f331;Atelier cuisine &amp; jardinage au SAUO de la Courneuve\u00a0!"}]},{"@type":"WebSite","@id":"https:\/\/www.sauvegarde93.fr\/#website","url":"https:\/\/www.sauvegarde93.fr\/","name":"Sauvegarde de Seine-Saint-Denis","description":"Association de protection de l\u2019enfance, de l\u2019adolescence et de l\u2019adulte","publisher":{"@id":"https:\/\/www.sauvegarde93.fr\/#organization"},"potentialAction":[{"@type":"SearchAction","target":{"@type":"EntryPoint","urlTemplate":"https:\/\/www.sauvegarde93.fr\/?s={search_term_string}"},"query-input":{"@type":"PropertyValueSpecification","valueRequired":true,"valueName":"search_term_string"}}],"inLanguage":"fr-FR"},{"@type":"Organization","@id":"https:\/\/www.sauvegarde93.fr\/#organization","name":"Sauvegarde de Seine-Saint-Denis","url":"https:\/\/www.sauvegarde93.fr\/","logo":{"@type":"ImageObject","inLanguage":"fr-FR","@id":"https:\/\/www.sauvegarde93.fr\/#\/schema\/logo\/image\/","url":"https:\/\/www.sauvegarde93.fr\/wp-content\/uploads\/2024\/04\/logo_S93.png","contentUrl":"https:\/\/www.sauvegarde93.fr\/wp-content\/uploads\/2024\/04\/logo_S93.png","width":209,"height":92,"caption":"Sauvegarde de Seine-Saint-Denis"},"image":{"@id":"https:\/\/www.sauvegarde93.fr\/#\/schema\/logo\/image\/"},"sameAs":["https:\/\/www.linkedin.com\/company\/sauvegarde-de-seine-saint-denis\/"]},{"@type":"Person","@id":"https:\/\/www.sauvegarde93.fr\/#\/schema\/person\/a34e1945c3433ea332679c13567b2171","name":"Nathalie de Pacht\u00e8re","image":{"@type":"ImageObject","inLanguage":"fr-FR","@id":"https:\/\/secure.gravatar.com\/avatar\/de072a2da76c644f2e18a3a2daa453df66de57efe173f6320ca0c63db73b4014?s=96&d=mm&r=g","url":"https:\/\/secure.gravatar.com\/avatar\/de072a2da76c644f2e18a3a2daa453df66de57efe173f6320ca0c63db73b4014?s=96&d=mm&r=g","contentUrl":"https:\/\/secure.gravatar.com\/avatar\/de072a2da76c644f2e18a3a2daa453df66de57efe173f6320ca0c63db73b4014?s=96&d=mm&r=g","caption":"Nathalie de Pacht\u00e8re"},"url":"https:\/\/www.sauvegarde93.fr\/?author=3"}]}},"_links":{"self":[{"href":"https:\/\/www.sauvegarde93.fr\/index.php?rest_route=\/wp\/v2\/posts\/6919","targetHints":{"allow":["GET"]}}],"collection":[{"href":"https:\/\/www.sauvegarde93.fr\/index.php?rest_route=\/wp\/v2\/posts"}],"about":[{"href":"https:\/\/www.sauvegarde93.fr\/index.php?rest_route=\/wp\/v2\/types\/post"}],"author":[{"embeddable":true,"href":"https:\/\/www.sauvegarde93.fr\/index.php?rest_route=\/wp\/v2\/users\/3"}],"replies":[{"embeddable":true,"href":"https:\/\/www.sauvegarde93.fr\/index.php?rest_route=%2Fwp%2Fv2%2Fcomments&post=6919"}],"version-history":[{"count":1,"href":"https:\/\/www.sauvegarde93.fr\/index.php?rest_route=\/wp\/v2\/posts\/6919\/revisions"}],"predecessor-version":[{"id":6923,"href":"https:\/\/www.sauvegarde93.fr\/index.php?rest_route=\/wp\/v2\/posts\/6919\/revisions\/6923"}],"wp:featuredmedia":[{"embeddable":true,"href":"https:\/\/www.sauvegarde93.fr\/index.php?rest_route=\/wp\/v2\/media\/6921"}],"wp:attachment":[{"href":"https:\/\/www.sauvegarde93.fr\/index.php?rest_route=%2Fwp%2Fv2%2Fmedia&parent=6919"}],"wp:term":[{"taxonomy":"category","embeddable":true,"href":"https:\/\/www.sauvegarde93.fr\/index.php?rest_route=%2Fwp%2Fv2%2Fcategories&post=6919"},{"taxonomy":"post_tag","embeddable":true,"href":"https:\/\/www.sauvegarde93.fr\/index.php?rest_route=%2Fwp%2Fv2%2Ftags&post=6919"}],"curies":[{"name":"wp","href":"https:\/\/api.w.org\/{rel}","templated":true}]}}