{"id":8237,"date":"2026-09-01T08:33:21","date_gmt":"2026-09-01T08:33:21","guid":{"rendered":"https:\/\/www.sauvegarde93.fr\/?p=8237"},"modified":"2026-09-01T08:34:21","modified_gmt":"2026-09-01T08:34:21","slug":"installation-poulailler-sauo-la-courneuve-sauvegarde-93","status":"publish","type":"post","link":"https:\/\/www.sauvegarde93.fr\/?p=8237","title":{"rendered":"&#x1f414; &#x1f414; &#x1f414; 3 nouvelles pensionnaires au SAUO de la Sauvegarde 93\u00a0!"},"content":{"rendered":"\n<p class=\"wp-block-paragraph\">Le SAUO a accueilli ce mois-ci, 3 jeunes \u00e0 plumes\u00a0! Il s\u2019agit de 3 poules pondeuses, que 3 jeunes du foyer accompagn\u00e9s par Stanley, \u00e9ducateur sp\u00e9cialis\u00e9, sont all\u00e9s choisir et chercher \u00e0 la jardinerie.<\/p>\n\n\n\n<p class=\"wp-block-paragraph\">Elles sont h\u00e9berg\u00e9es dans un poulailler tout neuf construit dans le cadre de ce projet men\u00e9 par l\u2019\u00e9tablissement.<\/p>\n\n\n\n<p class=\"wp-block-paragraph\">Bienvenue \u00e0 Coco Chanel, Poupette et Sourounia\u00a0!<\/p>\n\n\n\n<p class=\"wp-block-paragraph\">L&rsquo;installation d&rsquo;un poulailler constitue un outil \u00e9ducatif riche, v\u00e9ritable support de m\u00e9diation permettant de travailler l&rsquo;autonomie, la responsabilisation, les comp\u00e9tences sociales, le respect du vivant ainsi que le d\u00e9veloppement durable, tout en offrant aux jeunes une exp\u00e9rience valorisante et porteuse de sens.<\/p>\n\n\n\n<blockquote class=\"wp-block-quote is-layout-flow wp-block-quote-is-layout-flow\">\n<p class=\"wp-block-paragraph\"><a href=\"https:\/\/www.sauvegarde93.fr\/?etablissement=pole-accueil\/service-daccueil-durgence-et-dorientation\" data-type=\"link\" data-id=\"https:\/\/www.sauvegarde93.fr\/?etablissement=pole-accueil\/service-daccueil-durgence-et-dorientation\">Pour en savoir plus sur le SAUO<\/a> <\/p>\n<\/blockquote>\n\n\n\n<figure class=\"wp-block-gallery has-nested-images columns-default is-cropped wp-block-gallery-1 is-layout-flex wp-block-gallery-is-layout-flex\">\n<figure class=\"wp-block-image size-full\"><img loading=\"lazy\" decoding=\"async\" width=\"640\" height=\"480\" data-id=\"8242\" src=\"https:\/\/www.sauvegarde93.fr\/wp-content\/uploads\/2026\/09\/Poulailler3_SAUOLaCourneuve_Sauvegarde93.jpg\" alt=\"\" class=\"wp-image-8242\" srcset=\"https:\/\/www.sauvegarde93.fr\/wp-content\/uploads\/2026\/09\/Poulailler3_SAUOLaCourneuve_Sauvegarde93.jpg 640w, https:\/\/www.sauvegarde93.fr\/wp-content\/uploads\/2026\/09\/Poulailler3_SAUOLaCourneuve_Sauvegarde93-300x225.jpg 300w\" sizes=\"auto, (max-width: 640px) 100vw, 640px\" \/><\/figure>\n\n\n\n<figure class=\"wp-block-image size-full\"><img loading=\"lazy\" decoding=\"async\" width=\"640\" height=\"480\" data-id=\"8238\" src=\"https:\/\/www.sauvegarde93.fr\/wp-content\/uploads\/2026\/09\/Poulailler1_SAUOLaCourneuve_Sauvegarde93.jpg\" alt=\"\" class=\"wp-image-8238\" srcset=\"https:\/\/www.sauvegarde93.fr\/wp-content\/uploads\/2026\/09\/Poulailler1_SAUOLaCourneuve_Sauvegarde93.jpg 640w, https:\/\/www.sauvegarde93.fr\/wp-content\/uploads\/2026\/09\/Poulailler1_SAUOLaCourneuve_Sauvegarde93-300x225.jpg 300w\" sizes=\"auto, (max-width: 640px) 100vw, 640px\" \/><\/figure>\n\n\n\n<figure class=\"wp-block-image size-full\"><img loading=\"lazy\" decoding=\"async\" width=\"640\" height=\"480\" data-id=\"8240\" src=\"https:\/\/www.sauvegarde93.fr\/wp-content\/uploads\/2026\/09\/Poulailler2_SAUOLaCourneuve_Sauvegarde93.jpg\" alt=\"\" class=\"wp-image-8240\" srcset=\"https:\/\/www.sauvegarde93.fr\/wp-content\/uploads\/2026\/09\/Poulailler2_SAUOLaCourneuve_Sauvegarde93.jpg 640w, https:\/\/www.sauvegarde93.fr\/wp-content\/uploads\/2026\/09\/Poulailler2_SAUOLaCourneuve_Sauvegarde93-300x225.jpg 300w\" sizes=\"auto, (max-width: 640px) 100vw, 640px\" \/><\/figure>\n\n\n\n<figure class=\"wp-block-image size-large\"><img loading=\"lazy\" decoding=\"async\" width=\"768\" height=\"1024\" data-id=\"8239\" src=\"https:\/\/www.sauvegarde93.fr\/wp-content\/uploads\/2026\/09\/La-poule-Poupette_SAUOLaCourneuve_Sauvegarde93-768x1024-1.jpg\" alt=\"\" class=\"wp-image-8239\" srcset=\"https:\/\/www.sauvegarde93.fr\/wp-content\/uploads\/2026\/09\/La-poule-Poupette_SAUOLaCourneuve_Sauvegarde93-768x1024-1.jpg 768w, https:\/\/www.sauvegarde93.fr\/wp-content\/uploads\/2026\/09\/La-poule-Poupette_SAUOLaCourneuve_Sauvegarde93-225x300.jpg 225w, https:\/\/www.sauvegarde93.fr\/wp-content\/uploads\/2026\/09\/La-poule-Poupette_SAUOLaCourneuve_Sauvegarde93-1152x1536.jpg 1152w, https:\/\/www.sauvegarde93.fr\/wp-content\/uploads\/2026\/09\/La-poule-Poupette_SAUOLaCourneuve_Sauvegarde93.jpg 1386w\" sizes=\"auto, (max-width: 768px) 100vw, 768px\" \/><\/figure>\n\n\n\n<figure class=\"wp-block-image size-large\"><img loading=\"lazy\" decoding=\"async\" width=\"768\" height=\"1024\" data-id=\"8243\" src=\"https:\/\/www.sauvegarde93.fr\/wp-content\/uploads\/2026\/09\/PouleCocoChanel_SAUOLaCourneuve_Sauvegarde93-768x1024-1.jpg\" alt=\"\" class=\"wp-image-8243\" srcset=\"https:\/\/www.sauvegarde93.fr\/wp-content\/uploads\/2026\/09\/PouleCocoChanel_SAUOLaCourneuve_Sauvegarde93-768x1024-1.jpg 768w, https:\/\/www.sauvegarde93.fr\/wp-content\/uploads\/2026\/09\/PouleCocoChanel_SAUOLaCourneuve_Sauvegarde93-225x300.jpg 225w, https:\/\/www.sauvegarde93.fr\/wp-content\/uploads\/2026\/09\/PouleCocoChanel_SAUOLaCourneuve_Sauvegarde93-1152x1536.jpg 1152w, https:\/\/www.sauvegarde93.fr\/wp-content\/uploads\/2026\/09\/PouleCocoChanel_SAUOLaCourneuve_Sauvegarde93.jpg 1386w\" sizes=\"auto, (max-width: 768px) 100vw, 768px\" \/><\/figure>\n\n\n\n<figure class=\"wp-block-image size-large\"><img loading=\"lazy\" decoding=\"async\" width=\"768\" height=\"1024\" data-id=\"8241\" src=\"https:\/\/www.sauvegarde93.fr\/wp-content\/uploads\/2026\/09\/La-poule-Sourounia_SAUOLaCourneuve_Sauvegarde93-768x1024-1.jpg\" alt=\"\" class=\"wp-image-8241\" srcset=\"https:\/\/www.sauvegarde93.fr\/wp-content\/uploads\/2026\/09\/La-poule-Sourounia_SAUOLaCourneuve_Sauvegarde93-768x1024-1.jpg 768w, https:\/\/www.sauvegarde93.fr\/wp-content\/uploads\/2026\/09\/La-poule-Sourounia_SAUOLaCourneuve_Sauvegarde93-225x300.jpg 225w, https:\/\/www.sauvegarde93.fr\/wp-content\/uploads\/2026\/09\/La-poule-Sourounia_SAUOLaCourneuve_Sauvegarde93-1152x1536.jpg 1152w, https:\/\/www.sauvegarde93.fr\/wp-content\/uploads\/2026\/09\/La-poule-Sourounia_SAUOLaCourneuve_Sauvegarde93.jpg 1386w\" sizes=\"auto, (max-width: 768px) 100vw, 768px\" \/><\/figure>\n<\/figure>\n","protected":false},"excerpt":{"rendered":"<p>Le SAUO a accueilli ce mois-ci, 3 jeunes \u00e0 plumes\u00a0! Il s\u2019agit de 3 poules pondeuses, que 3 jeunes du foyer accompagn\u00e9s par Stanley, \u00e9ducateur sp\u00e9cialis\u00e9, sont all\u00e9s choisir et chercher \u00e0 la jardinerie. Elles sont h\u00e9berg\u00e9es dans un poulailler tout neuf construit dans le cadre de ce projet men\u00e9 par l\u2019\u00e9tablissement. Bienvenue \u00e0 Coco &#8230; <a title=\"&#x1f414; &#x1f414; &#x1f414; 3 nouvelles pensionnaires au SAUO de la Sauvegarde 93\u00a0!\" class=\"read-more\" href=\"https:\/\/www.sauvegarde93.fr\/?p=8237\" aria-label=\"En savoir plus sur &#x1f414; &#x1f414; &#x1f414; 3 nouvelles pensionnaires au SAUO de la Sauvegarde 93\u00a0!\">Lire la suite<\/a><\/p>\n","protected":false},"author":3,"featured_media":8242,"comment_status":"closed","ping_status":"open","sticky":false,"template":"","format":"standard","meta":{"_acf_changed":false,"footnotes":""},"categories":[35,47],"tags":[],"class_list":["post-8237","post","type-post","status-publish","format-standard","has-post-thumbnail","hentry","category-actualites","category-services"],"acf":[],"yoast_head":"<!-- This site is optimized with the Yoast SEO plugin v28.3 - https:\/\/yoast.com\/product\/yoast-seo-wordpress\/ -->\n<title>&#x1f414; &#x1f414; &#x1f414; 3 nouvelles pensionnaires au SAUO de la Sauvegarde 93\u00a0! - Sauvegarde de Seine-Saint-Denis<\/title>\n<meta name=\"description\" content=\"Installation d&#039;un poulailler au SAUO La Courneuve Sauvegarde 93. Projet \u00e9ducatif avec 3 jeunes et un \u00e9ducateur.\" \/>\n<meta name=\"robots\" content=\"index, follow, max-snippet:-1, max-image-preview:large, max-video-preview:-1\" \/>\n<link rel=\"canonical\" href=\"https:\/\/www.sauvegarde93.fr\/?p=8237\" \/>\n<meta property=\"og:locale\" content=\"fr_FR\" \/>\n<meta property=\"og:type\" content=\"article\" \/>\n<meta property=\"og:title\" content=\"&#x1f414; &#x1f414; &#x1f414; 3 nouvelles pensionnaires au SAUO de la Sauvegarde 93\u00a0! - Sauvegarde de Seine-Saint-Denis\" \/>\n<meta property=\"og:description\" content=\"Installation d&#039;un poulailler au SAUO La Courneuve Sauvegarde 93. Projet \u00e9ducatif avec 3 jeunes et un \u00e9ducateur.\" \/>\n<meta property=\"og:url\" content=\"https:\/\/www.sauvegarde93.fr\/?p=8237\" \/>\n<meta property=\"og:site_name\" content=\"Sauvegarde de Seine-Saint-Denis\" \/>\n<meta property=\"article:published_time\" content=\"2026-09-01T08:33:21+00:00\" \/>\n<meta property=\"article:modified_time\" content=\"2026-09-01T08:34:21+00:00\" \/>\n<meta property=\"og:image\" content=\"https:\/\/www.sauvegarde93.fr\/wp-content\/uploads\/2026\/09\/Poulailler3_SAUOLaCourneuve_Sauvegarde93.jpg\" \/>\n\t<meta property=\"og:image:width\" content=\"640\" \/>\n\t<meta property=\"og:image:height\" content=\"480\" \/>\n\t<meta property=\"og:image:type\" content=\"image\/jpeg\" \/>\n<meta name=\"author\" content=\"Nathalie de Pacht\u00e8re\" \/>\n<meta name=\"twitter:card\" content=\"summary_large_image\" \/>\n<meta name=\"twitter:label1\" content=\"\u00c9crit par\" \/>\n\t<meta name=\"twitter:data1\" content=\"Nathalie de Pacht\u00e8re\" \/>\n\t<meta name=\"twitter:label2\" content=\"Dur\u00e9e de lecture estim\u00e9e\" \/>\n\t<meta name=\"twitter:data2\" content=\"2 minutes\" \/>\n<script type=\"application\/ld+json\" class=\"yoast-schema-graph\">{\"@context\":\"https:\\\/\\\/schema.org\",\"@graph\":[{\"@type\":\"Article\",\"@id\":\"https:\\\/\\\/www.sauvegarde93.fr\\\/?p=8237#article\",\"isPartOf\":{\"@id\":\"https:\\\/\\\/www.sauvegarde93.fr\\\/?p=8237\"},\"author\":{\"name\":\"Nathalie de Pacht\u00e8re\",\"@id\":\"https:\\\/\\\/www.sauvegarde93.fr\\\/#\\\/schema\\\/person\\\/a34e1945c3433ea332679c13567b2171\"},\"headline\":\"&#x1f414; &#x1f414; &#x1f414; 3 nouvelles pensionnaires au SAUO de la Sauvegarde 93\u00a0!\",\"datePublished\":\"2026-09-01T08:33:21+00:00\",\"dateModified\":\"2026-09-01T08:34:21+00:00\",\"mainEntityOfPage\":{\"@id\":\"https:\\\/\\\/www.sauvegarde93.fr\\\/?p=8237\"},\"wordCount\":130,\"publisher\":{\"@id\":\"https:\\\/\\\/www.sauvegarde93.fr\\\/#organization\"},\"image\":{\"@id\":\"https:\\\/\\\/www.sauvegarde93.fr\\\/?p=8237#primaryimage\"},\"thumbnailUrl\":\"https:\\\/\\\/www.sauvegarde93.fr\\\/wp-content\\\/uploads\\\/2026\\\/09\\\/Poulailler3_SAUOLaCourneuve_Sauvegarde93.jpg\",\"articleSection\":[\"Actualit\u00e9s\",\"Services\"],\"inLanguage\":\"fr-FR\"},{\"@type\":\"WebPage\",\"@id\":\"https:\\\/\\\/www.sauvegarde93.fr\\\/?p=8237\",\"url\":\"https:\\\/\\\/www.sauvegarde93.fr\\\/?p=8237\",\"name\":\"&#x1f414; &#x1f414; &#x1f414; 3 nouvelles pensionnaires au SAUO de la Sauvegarde 93\u00a0! - Sauvegarde de Seine-Saint-Denis\",\"isPartOf\":{\"@id\":\"https:\\\/\\\/www.sauvegarde93.fr\\\/#website\"},\"primaryImageOfPage\":{\"@id\":\"https:\\\/\\\/www.sauvegarde93.fr\\\/?p=8237#primaryimage\"},\"image\":{\"@id\":\"https:\\\/\\\/www.sauvegarde93.fr\\\/?p=8237#primaryimage\"},\"thumbnailUrl\":\"https:\\\/\\\/www.sauvegarde93.fr\\\/wp-content\\\/uploads\\\/2026\\\/09\\\/Poulailler3_SAUOLaCourneuve_Sauvegarde93.jpg\",\"datePublished\":\"2026-09-01T08:33:21+00:00\",\"dateModified\":\"2026-09-01T08:34:21+00:00\",\"description\":\"Installation d'un poulailler au SAUO La Courneuve Sauvegarde 93. Projet \u00e9ducatif avec 3 jeunes et un \u00e9ducateur.\",\"breadcrumb\":{\"@id\":\"https:\\\/\\\/www.sauvegarde93.fr\\\/?p=8237#breadcrumb\"},\"inLanguage\":\"fr-FR\",\"potentialAction\":[{\"@type\":\"ReadAction\",\"target\":[\"https:\\\/\\\/www.sauvegarde93.fr\\\/?p=8237\"]}]},{\"@type\":\"ImageObject\",\"inLanguage\":\"fr-FR\",\"@id\":\"https:\\\/\\\/www.sauvegarde93.fr\\\/?p=8237#primaryimage\",\"url\":\"https:\\\/\\\/www.sauvegarde93.fr\\\/wp-content\\\/uploads\\\/2026\\\/09\\\/Poulailler3_SAUOLaCourneuve_Sauvegarde93.jpg\",\"contentUrl\":\"https:\\\/\\\/www.sauvegarde93.fr\\\/wp-content\\\/uploads\\\/2026\\\/09\\\/Poulailler3_SAUOLaCourneuve_Sauvegarde93.jpg\",\"width\":640,\"height\":480,\"caption\":\"Poulailler3_SAUOLaCourneuve_Sauvegarde93\"},{\"@type\":\"BreadcrumbList\",\"@id\":\"https:\\\/\\\/www.sauvegarde93.fr\\\/?p=8237#breadcrumb\",\"itemListElement\":[{\"@type\":\"ListItem\",\"position\":1,\"name\":\"Accueil\",\"item\":\"https:\\\/\\\/www.sauvegarde93.fr\\\/\"},{\"@type\":\"ListItem\",\"position\":2,\"name\":\"&#x1f414; &#x1f414; &#x1f414; 3 nouvelles pensionnaires au SAUO de la Sauvegarde 93\u00a0!\"}]},{\"@type\":\"WebSite\",\"@id\":\"https:\\\/\\\/www.sauvegarde93.fr\\\/#website\",\"url\":\"https:\\\/\\\/www.sauvegarde93.fr\\\/\",\"name\":\"Sauvegarde de Seine-Saint-Denis\",\"description\":\"Association de protection de l\u2019enfance, de l\u2019adolescence et de l\u2019adulte\",\"publisher\":{\"@id\":\"https:\\\/\\\/www.sauvegarde93.fr\\\/#organization\"},\"potentialAction\":[{\"@type\":\"SearchAction\",\"target\":{\"@type\":\"EntryPoint\",\"urlTemplate\":\"https:\\\/\\\/www.sauvegarde93.fr\\\/?s={search_term_string}\"},\"query-input\":{\"@type\":\"PropertyValueSpecification\",\"valueRequired\":true,\"valueName\":\"search_term_string\"}}],\"inLanguage\":\"fr-FR\"},{\"@type\":\"Organization\",\"@id\":\"https:\\\/\\\/www.sauvegarde93.fr\\\/#organization\",\"name\":\"Sauvegarde de Seine-Saint-Denis\",\"url\":\"https:\\\/\\\/www.sauvegarde93.fr\\\/\",\"logo\":{\"@type\":\"ImageObject\",\"inLanguage\":\"fr-FR\",\"@id\":\"https:\\\/\\\/www.sauvegarde93.fr\\\/#\\\/schema\\\/logo\\\/image\\\/\",\"url\":\"https:\\\/\\\/www.sauvegarde93.fr\\\/wp-content\\\/uploads\\\/2024\\\/04\\\/logo_S93.png\",\"contentUrl\":\"https:\\\/\\\/www.sauvegarde93.fr\\\/wp-content\\\/uploads\\\/2024\\\/04\\\/logo_S93.png\",\"width\":209,\"height\":92,\"caption\":\"Sauvegarde de Seine-Saint-Denis\"},\"image\":{\"@id\":\"https:\\\/\\\/www.sauvegarde93.fr\\\/#\\\/schema\\\/logo\\\/image\\\/\"},\"sameAs\":[\"https:\\\/\\\/www.linkedin.com\\\/company\\\/sauvegarde-de-seine-saint-denis\\\/\"]},{\"@type\":\"Person\",\"@id\":\"https:\\\/\\\/www.sauvegarde93.fr\\\/#\\\/schema\\\/person\\\/a34e1945c3433ea332679c13567b2171\",\"name\":\"Nathalie de Pacht\u00e8re\",\"image\":{\"@type\":\"ImageObject\",\"inLanguage\":\"fr-FR\",\"@id\":\"https:\\\/\\\/secure.gravatar.com\\\/avatar\\\/de072a2da76c644f2e18a3a2daa453df66de57efe173f6320ca0c63db73b4014?s=96&d=mm&r=g\",\"url\":\"https:\\\/\\\/secure.gravatar.com\\\/avatar\\\/de072a2da76c644f2e18a3a2daa453df66de57efe173f6320ca0c63db73b4014?s=96&d=mm&r=g\",\"contentUrl\":\"https:\\\/\\\/secure.gravatar.com\\\/avatar\\\/de072a2da76c644f2e18a3a2daa453df66de57efe173f6320ca0c63db73b4014?s=96&d=mm&r=g\",\"caption\":\"Nathalie de Pacht\u00e8re\"},\"url\":\"https:\\\/\\\/www.sauvegarde93.fr\\\/?author=3\"}]}<\/script>\n<!-- \/ Yoast SEO plugin. -->","yoast_head_json":{"title":"&#x1f414; &#x1f414; &#x1f414; 3 nouvelles pensionnaires au SAUO de la Sauvegarde 93\u00a0! - Sauvegarde de Seine-Saint-Denis","description":"Installation d'un poulailler au SAUO La Courneuve Sauvegarde 93. Projet \u00e9ducatif avec 3 jeunes et un \u00e9ducateur.","robots":{"index":"index","follow":"follow","max-snippet":"max-snippet:-1","max-image-preview":"max-image-preview:large","max-video-preview":"max-video-preview:-1"},"canonical":"https:\/\/www.sauvegarde93.fr\/?p=8237","og_locale":"fr_FR","og_type":"article","og_title":"&#x1f414; &#x1f414; &#x1f414; 3 nouvelles pensionnaires au SAUO de la Sauvegarde 93\u00a0! - Sauvegarde de Seine-Saint-Denis","og_description":"Installation d'un poulailler au SAUO La Courneuve Sauvegarde 93. Projet \u00e9ducatif avec 3 jeunes et un \u00e9ducateur.","og_url":"https:\/\/www.sauvegarde93.fr\/?p=8237","og_site_name":"Sauvegarde de Seine-Saint-Denis","article_published_time":"2026-09-01T08:33:21+00:00","article_modified_time":"2026-09-01T08:34:21+00:00","og_image":[{"width":640,"height":480,"url":"https:\/\/www.sauvegarde93.fr\/wp-content\/uploads\/2026\/09\/Poulailler3_SAUOLaCourneuve_Sauvegarde93.jpg","type":"image\/jpeg"}],"author":"Nathalie de Pacht\u00e8re","twitter_card":"summary_large_image","twitter_misc":{"\u00c9crit par":"Nathalie de Pacht\u00e8re","Dur\u00e9e de lecture estim\u00e9e":"2 minutes"},"schema":{"@context":"https:\/\/schema.org","@graph":[{"@type":"Article","@id":"https:\/\/www.sauvegarde93.fr\/?p=8237#article","isPartOf":{"@id":"https:\/\/www.sauvegarde93.fr\/?p=8237"},"author":{"name":"Nathalie de Pacht\u00e8re","@id":"https:\/\/www.sauvegarde93.fr\/#\/schema\/person\/a34e1945c3433ea332679c13567b2171"},"headline":"&#x1f414; &#x1f414; &#x1f414; 3 nouvelles pensionnaires au SAUO de la Sauvegarde 93\u00a0!","datePublished":"2026-09-01T08:33:21+00:00","dateModified":"2026-09-01T08:34:21+00:00","mainEntityOfPage":{"@id":"https:\/\/www.sauvegarde93.fr\/?p=8237"},"wordCount":130,"publisher":{"@id":"https:\/\/www.sauvegarde93.fr\/#organization"},"image":{"@id":"https:\/\/www.sauvegarde93.fr\/?p=8237#primaryimage"},"thumbnailUrl":"https:\/\/www.sauvegarde93.fr\/wp-content\/uploads\/2026\/09\/Poulailler3_SAUOLaCourneuve_Sauvegarde93.jpg","articleSection":["Actualit\u00e9s","Services"],"inLanguage":"fr-FR"},{"@type":"WebPage","@id":"https:\/\/www.sauvegarde93.fr\/?p=8237","url":"https:\/\/www.sauvegarde93.fr\/?p=8237","name":"&#x1f414; &#x1f414; &#x1f414; 3 nouvelles pensionnaires au SAUO de la Sauvegarde 93\u00a0! - Sauvegarde de Seine-Saint-Denis","isPartOf":{"@id":"https:\/\/www.sauvegarde93.fr\/#website"},"primaryImageOfPage":{"@id":"https:\/\/www.sauvegarde93.fr\/?p=8237#primaryimage"},"image":{"@id":"https:\/\/www.sauvegarde93.fr\/?p=8237#primaryimage"},"thumbnailUrl":"https:\/\/www.sauvegarde93.fr\/wp-content\/uploads\/2026\/09\/Poulailler3_SAUOLaCourneuve_Sauvegarde93.jpg","datePublished":"2026-09-01T08:33:21+00:00","dateModified":"2026-09-01T08:34:21+00:00","description":"Installation d'un poulailler au SAUO La Courneuve Sauvegarde 93. Projet \u00e9ducatif avec 3 jeunes et un \u00e9ducateur.","breadcrumb":{"@id":"https:\/\/www.sauvegarde93.fr\/?p=8237#breadcrumb"},"inLanguage":"fr-FR","potentialAction":[{"@type":"ReadAction","target":["https:\/\/www.sauvegarde93.fr\/?p=8237"]}]},{"@type":"ImageObject","inLanguage":"fr-FR","@id":"https:\/\/www.sauvegarde93.fr\/?p=8237#primaryimage","url":"https:\/\/www.sauvegarde93.fr\/wp-content\/uploads\/2026\/09\/Poulailler3_SAUOLaCourneuve_Sauvegarde93.jpg","contentUrl":"https:\/\/www.sauvegarde93.fr\/wp-content\/uploads\/2026\/09\/Poulailler3_SAUOLaCourneuve_Sauvegarde93.jpg","width":640,"height":480,"caption":"Poulailler3_SAUOLaCourneuve_Sauvegarde93"},{"@type":"BreadcrumbList","@id":"https:\/\/www.sauvegarde93.fr\/?p=8237#breadcrumb","itemListElement":[{"@type":"ListItem","position":1,"name":"Accueil","item":"https:\/\/www.sauvegarde93.fr\/"},{"@type":"ListItem","position":2,"name":"&#x1f414; &#x1f414; &#x1f414; 3 nouvelles pensionnaires au SAUO de la Sauvegarde 93\u00a0!"}]},{"@type":"WebSite","@id":"https:\/\/www.sauvegarde93.fr\/#website","url":"https:\/\/www.sauvegarde93.fr\/","name":"Sauvegarde de Seine-Saint-Denis","description":"Association de protection de l\u2019enfance, de l\u2019adolescence et de l\u2019adulte","publisher":{"@id":"https:\/\/www.sauvegarde93.fr\/#organization"},"potentialAction":[{"@type":"SearchAction","target":{"@type":"EntryPoint","urlTemplate":"https:\/\/www.sauvegarde93.fr\/?s={search_term_string}"},"query-input":{"@type":"PropertyValueSpecification","valueRequired":true,"valueName":"search_term_string"}}],"inLanguage":"fr-FR"},{"@type":"Organization","@id":"https:\/\/www.sauvegarde93.fr\/#organization","name":"Sauvegarde de Seine-Saint-Denis","url":"https:\/\/www.sauvegarde93.fr\/","logo":{"@type":"ImageObject","inLanguage":"fr-FR","@id":"https:\/\/www.sauvegarde93.fr\/#\/schema\/logo\/image\/","url":"https:\/\/www.sauvegarde93.fr\/wp-content\/uploads\/2024\/04\/logo_S93.png","contentUrl":"https:\/\/www.sauvegarde93.fr\/wp-content\/uploads\/2024\/04\/logo_S93.png","width":209,"height":92,"caption":"Sauvegarde de Seine-Saint-Denis"},"image":{"@id":"https:\/\/www.sauvegarde93.fr\/#\/schema\/logo\/image\/"},"sameAs":["https:\/\/www.linkedin.com\/company\/sauvegarde-de-seine-saint-denis\/"]},{"@type":"Person","@id":"https:\/\/www.sauvegarde93.fr\/#\/schema\/person\/a34e1945c3433ea332679c13567b2171","name":"Nathalie de Pacht\u00e8re","image":{"@type":"ImageObject","inLanguage":"fr-FR","@id":"https:\/\/secure.gravatar.com\/avatar\/de072a2da76c644f2e18a3a2daa453df66de57efe173f6320ca0c63db73b4014?s=96&d=mm&r=g","url":"https:\/\/secure.gravatar.com\/avatar\/de072a2da76c644f2e18a3a2daa453df66de57efe173f6320ca0c63db73b4014?s=96&d=mm&r=g","contentUrl":"https:\/\/secure.gravatar.com\/avatar\/de072a2da76c644f2e18a3a2daa453df66de57efe173f6320ca0c63db73b4014?s=96&d=mm&r=g","caption":"Nathalie de Pacht\u00e8re"},"url":"https:\/\/www.sauvegarde93.fr\/?author=3"}]}},"_links":{"self":[{"href":"https:\/\/www.sauvegarde93.fr\/index.php?rest_route=\/wp\/v2\/posts\/8237","targetHints":{"allow":["GET"]}}],"collection":[{"href":"https:\/\/www.sauvegarde93.fr\/index.php?rest_route=\/wp\/v2\/posts"}],"about":[{"href":"https:\/\/www.sauvegarde93.fr\/index.php?rest_route=\/wp\/v2\/types\/post"}],"author":[{"embeddable":true,"href":"https:\/\/www.sauvegarde93.fr\/index.php?rest_route=\/wp\/v2\/users\/3"}],"replies":[{"embeddable":true,"href":"https:\/\/www.sauvegarde93.fr\/index.php?rest_route=%2Fwp%2Fv2%2Fcomments&post=8237"}],"version-history":[{"count":2,"href":"https:\/\/www.sauvegarde93.fr\/index.php?rest_route=\/wp\/v2\/posts\/8237\/revisions"}],"predecessor-version":[{"id":8245,"href":"https:\/\/www.sauvegarde93.fr\/index.php?rest_route=\/wp\/v2\/posts\/8237\/revisions\/8245"}],"wp:featuredmedia":[{"embeddable":true,"href":"https:\/\/www.sauvegarde93.fr\/index.php?rest_route=\/wp\/v2\/media\/8242"}],"wp:attachment":[{"href":"https:\/\/www.sauvegarde93.fr\/index.php?rest_route=%2Fwp%2Fv2%2Fmedia&parent=8237"}],"wp:term":[{"taxonomy":"category","embeddable":true,"href":"https:\/\/www.sauvegarde93.fr\/index.php?rest_route=%2Fwp%2Fv2%2Fcategories&post=8237"},{"taxonomy":"post_tag","embeddable":true,"href":"https:\/\/www.sauvegarde93.fr\/index.php?rest_route=%2Fwp%2Fv2%2Ftags&post=8237"}],"curies":[{"name":"wp","href":"https:\/\/api.w.org\/{rel}","templated":true}]}}